{"id":345,"date":"2025-07-22T15:52:57","date_gmt":"2025-07-22T13:52:57","guid":{"rendered":"https:\/\/africansolarsolutions.fr\/?p=345"},"modified":"2025-07-22T16:16:17","modified_gmt":"2025-07-22T14:16:17","slug":"autonomie-energetique-en-afrique-de-ouest","status":"publish","type":"post","link":"https:\/\/africansolarsolutions.fr\/index.php\/2025\/07\/22\/autonomie-energetique-en-afrique-de-ouest\/","title":{"rendered":"Pourquoi l\u2019autonomie \u00e9nerg\u00e9tique est devenue une urgence en Afrique de l\u2019Ouest"},"content":{"rendered":"\n<h2 class=\"wp-block-heading\">Face aux limites du r\u00e9seau, une urgence silencieuse s\u2019installe<\/h2>\n\n\n\n<p class=\"wp-block-paragraph\">La promesse d\u2019un acc\u00e8s universel \u00e0 l\u2019\u00e9lectricit\u00e9 est encore loin d\u2019\u00eatre tenue dans de nombreuses r\u00e9gions d\u2019Afrique de l\u2019Ouest. M\u00eame dans les grandes villes, les coupures de courant sont fr\u00e9quentes et impr\u00e9visibles, perturbant aussi bien la vie domestique que l\u2019activit\u00e9 \u00e9conomique.<\/p>\n\n\n\n<p class=\"wp-block-paragraph\">Le r\u00e9seau public, souvent satur\u00e9, vieillissant ou mal entretenu, n\u2019offre plus de garantie de stabilit\u00e9. Pour pallier ces d\u00e9faillances, beaucoup de foyers et d\u2019entreprises se tournent vers des g\u00e9n\u00e9rateurs thermiques. Mais ces dispositifs, bruyants et polluants, n\u00e9cessitent un approvisionnement constant en carburant, dont les co\u00fbts explosent et la disponibilit\u00e9 devient incertaine dans certaines zones.<\/p>\n\n\n\n<h2 class=\"wp-block-heading\">Une menace directe pour le tissu \u00e9conomique et social<\/h2>\n\n\n\n<p class=\"wp-block-paragraph\">L\u2019instabilit\u00e9 \u00e9nerg\u00e9tique a des cons\u00e9quences directes sur la croissance. Dans un commerce, quelques heures sans \u00e9lectricit\u00e9 suffisent \u00e0 ralentir les ventes, compromettre la conservation des produits ou paralyser les terminaux de paiement.<\/p>\n\n\n\n<p class=\"wp-block-paragraph\">Dans les \u00e9coles, les h\u00f4pitaux ou les mairies, l\u2019absence d\u2019\u00e9lectricit\u00e9 constante devient un facteur d\u2019in\u00e9galit\u00e9. Les \u00e9l\u00e8ves n&#8217;ont pas acc\u00e8s aux outils num\u00e9riques, les structures de sant\u00e9 doivent parfois fonctionner sans lumi\u00e8re ni \u00e9quipements essentiels, et les administrations locales travaillent \u00e0 un rythme ralenti.<\/p>\n\n\n\n<p class=\"wp-block-paragraph\">\u00c0 l\u2019\u00e9chelle macro\u00e9conomique, cette instabilit\u00e9 limite aussi les investissements priv\u00e9s. Une entreprise qui ne peut s\u00e9curiser sa production h\u00e9sitera \u00e0 s\u2019installer ou \u00e0 se d\u00e9velopper dans ces conditions.<\/p>\n\n\n\n<h2 class=\"wp-block-heading\">Le solaire, une solution locale pour une ind\u00e9pendance r\u00e9elle<\/h2>\n\n\n\n<figure class=\"wp-block-image size-large\"><img fetchpriority=\"high\" decoding=\"async\" width=\"1024\" height=\"684\" src=\"https:\/\/africansolarsolutions.fr\/wp-content\/uploads\/2025\/07\/pexels-cristian-rojas-8853502-1024x684.jpg\" alt=\"\" class=\"wp-image-346\" srcset=\"https:\/\/africansolarsolutions.fr\/wp-content\/uploads\/2025\/07\/pexels-cristian-rojas-8853502-1024x684.jpg 1024w, https:\/\/africansolarsolutions.fr\/wp-content\/uploads\/2025\/07\/pexels-cristian-rojas-8853502-300x200.jpg 300w, https:\/\/africansolarsolutions.fr\/wp-content\/uploads\/2025\/07\/pexels-cristian-rojas-8853502-768x513.jpg 768w, https:\/\/africansolarsolutions.fr\/wp-content\/uploads\/2025\/07\/pexels-cristian-rojas-8853502-1536x1026.jpg 1536w, https:\/\/africansolarsolutions.fr\/wp-content\/uploads\/2025\/07\/pexels-cristian-rojas-8853502.jpg 1919w\" sizes=\"(max-width: 1024px) 100vw, 1024px\" \/><\/figure>\n\n\n\n<p class=\"wp-block-paragraph\">Dans ce contexte, l\u2019autonomie \u00e9nerg\u00e9tique ne rel\u00e8ve plus de la pr\u00e9voyance : elle devient une priorit\u00e9 strat\u00e9gique. Et l\u2019\u00e9nergie solaire, abondante sur tout le territoire, offre aujourd\u2019hui une r\u00e9ponse cr\u00e9dible, accessible et durable.<\/p>\n\n\n\n<p class=\"wp-block-paragraph\">Une installation solaire bien con\u00e7ue permet \u00e0 un foyer ou une entreprise de produire sa propre \u00e9lectricit\u00e9 en continu, sans d\u00e9pendre du r\u00e9seau ni des carburants fossiles. Associ\u00e9e \u00e0 un syst\u00e8me de stockage et de pilotage intelligent, elle garantit une alimentation fiable, de jour comme de nuit.<\/p>\n\n\n\n<p class=\"wp-block-paragraph\">C\u2019est exactement dans cette direction que s\u2019inscrit la d\u00e9marche d\u2019<strong>African Solar Solutions<\/strong> : permettre \u00e0 chacun de reprendre le contr\u00f4le de sa consommation gr\u00e2ce \u00e0 des installations dimensionn\u00e9es sur-mesure, supervis\u00e9es \u00e0 distance, et accompagn\u00e9es d\u2019un service logistique solide pour une mise en \u0153uvre rapide et ma\u00eetris\u00e9e.<\/p>\n\n\n\n<h2 class=\"wp-block-heading\">Vers un mod\u00e8le plus r\u00e9silient et \u00e9quitable<\/h2>\n\n\n\n<p class=\"wp-block-paragraph\">L\u2019un des grands avantages de l\u2019\u00e9nergie solaire, au-del\u00e0 de sa fiabilit\u00e9, r\u00e9side dans sa flexibilit\u00e9. Il n\u2019est pas n\u00e9cessaire d\u2019attendre un changement global des infrastructures pour agir : un m\u00e9nage, une PME ou une \u00e9cole peuvent amorcer leur transition d\u00e8s aujourd\u2019hui, avec des solutions adapt\u00e9es \u00e0 leur capacit\u00e9 et \u00e0 leurs priorit\u00e9s.<\/p>\n\n\n\n<p class=\"wp-block-paragraph\">Les nouvelles modalit\u00e9s de financement, le d\u00e9veloppement des technologies de supervision \u00e0 distance, et l\u2019expertise de certains acteurs locaux permettent d\u00e9sormais d\u2019atteindre l\u2019autonomie \u00e9nerg\u00e9tique sans complexit\u00e9 ni frais cach\u00e9s. Cette ind\u00e9pendance ne se construit pas seulement sur le plan technique, mais aussi sur le plan social et \u00e9conomique : elle redonne de la ma\u00eetrise \u00e0 ceux qui en ont \u00e9t\u00e9 priv\u00e9s.<\/p>\n\n\n\n<h2 class=\"wp-block-heading\">En conclusion, choisir l\u2019ind\u00e9pendance, c\u2019est choisir l\u2019avenir<\/h2>\n\n\n\n<p class=\"wp-block-paragraph\">L\u2019autonomie \u00e9nerg\u00e9tique n\u2019est pas un luxe. C\u2019est une r\u00e9ponse directe aux r\u00e9alit\u00e9s africaines d\u2019aujourd\u2019hui. Elle r\u00e9duit la vuln\u00e9rabilit\u00e9 des populations, am\u00e9liore les performances des entreprises et renforce la r\u00e9silience des territoires face aux crises.<\/p>\n\n\n\n<p class=\"wp-block-paragraph\">En valorisant l\u2019\u00e9nergie solaire comme pilier de cette transformation, African Solar Solutions contribue \u00e0 b\u00e2tir une Afrique de l\u2019Ouest plus ind\u00e9pendante, plus fiable, et plus durable.<\/p>\n\n    <div class=\"xs_social_share_widget xs_share_url after_content \t\tmain_content  wslu-style-1 wslu-share-box-shaped wslu-fill-colored wslu-none wslu-share-horizontal wslu-theme-font-no wslu-main_content\">\n\n\t\t\n        <ul>\n\t\t\t        <\/ul>\n    <\/div> \n","protected":false},"excerpt":{"rendered":"<p>R\u00e9seaux instables, fioul co\u00fbteux, coupures : l\u2019Afrique de l\u2019Ouest doit acc\u00e9l\u00e9rer sa transition vers l\u2019autonomie \u00e9nerg\u00e9tique. Le solaire en est la cl\u00e9.<\/p>\n","protected":false},"author":2,"featured_media":346,"comment_status":"open","ping_status":"open","sticky":false,"template":"","format":"standard","meta":{"postBodyCss":"","postBodyMargin":[],"postBodyPadding":[],"postBodyBackground":{"backgroundType":"classic","gradient":""},"footnotes":""},"categories":[8],"tags":[],"class_list":["post-345","post","type-post","status-publish","format-standard","has-post-thumbnail","hentry","category-enjeux-du-solaire"],"yoast_head":"<!-- This site is optimized with the Yoast SEO plugin v25.5 - https:\/\/yoast.com\/wordpress\/plugins\/seo\/ -->\n<title>Autonomie \u00c9nerg\u00e9tique en Afrique de l\u2019Ouest : Urgence vitale | ASS<\/title>\n<meta name=\"description\" content=\"R\u00e9seaux instables, fioul co\u00fbteux, coupures : l\u2019Afrique de l\u2019Ouest doit acc\u00e9l\u00e9rer sa transition vers l\u2019autonomie \u00e9nerg\u00e9tique. L&#039;\u00e9nergie solaire en est la cl\u00e9.\" \/>\n<meta name=\"robots\" content=\"noindex, follow, max-snippet:-1, max-image-preview:large, max-video-preview:-1\" \/>\n<meta property=\"og:locale\" content=\"en_US\" \/>\n<meta property=\"og:type\" content=\"article\" \/>\n<meta property=\"og:title\" content=\"Autonomie \u00c9nerg\u00e9tique en Afrique de l\u2019Ouest : Urgence vitale | ASS\" \/>\n<meta property=\"og:description\" content=\"R\u00e9seaux instables, fioul co\u00fbteux, coupures : l\u2019Afrique de l\u2019Ouest doit acc\u00e9l\u00e9rer sa transition vers l\u2019autonomie \u00e9nerg\u00e9tique. L&#039;\u00e9nergie solaire en est la cl\u00e9.\" \/>\n<meta property=\"og:url\" content=\"https:\/\/africansolarsolutions.fr\/index.php\/2025\/07\/22\/autonomie-energetique-en-afrique-de-ouest\/\" \/>\n<meta property=\"og:site_name\" content=\"Africansolarsolutions\" \/>\n<meta property=\"article:published_time\" content=\"2025-07-22T13:52:57+00:00\" \/>\n<meta property=\"article:modified_time\" content=\"2025-07-22T14:16:17+00:00\" \/>\n<meta property=\"og:image\" content=\"https:\/\/africansolarsolutions.fr\/wp-content\/uploads\/2025\/07\/pexels-cristian-rojas-8853502.jpg\" \/>\n\t<meta property=\"og:image:width\" content=\"1919\" \/>\n\t<meta property=\"og:image:height\" content=\"1282\" \/>\n\t<meta property=\"og:image:type\" content=\"image\/jpeg\" \/>\n<meta name=\"author\" content=\"Stephane\" \/>\n<meta name=\"twitter:card\" content=\"summary_large_image\" \/>\n<meta name=\"twitter:label1\" content=\"Written by\" \/>\n\t<meta name=\"twitter:data1\" content=\"Stephane\" \/>\n\t<meta name=\"twitter:label2\" content=\"Est. reading time\" \/>\n\t<meta name=\"twitter:data2\" content=\"4 minutes\" \/>\n<script type=\"application\/ld+json\" class=\"yoast-schema-graph\">{\"@context\":\"https:\/\/schema.org\",\"@graph\":[{\"@type\":\"WebPage\",\"@id\":\"https:\/\/africansolarsolutions.fr\/index.php\/2025\/07\/22\/autonomie-energetique-en-afrique-de-ouest\/\",\"url\":\"https:\/\/africansolarsolutions.fr\/index.php\/2025\/07\/22\/autonomie-energetique-en-afrique-de-ouest\/\",\"name\":\"Autonomie \u00c9nerg\u00e9tique en Afrique de l\u2019Ouest : Urgence vitale | ASS\",\"isPartOf\":{\"@id\":\"https:\/\/africansolarsolutions.fr\/#website\"},\"primaryImageOfPage\":{\"@id\":\"https:\/\/africansolarsolutions.fr\/index.php\/2025\/07\/22\/autonomie-energetique-en-afrique-de-ouest\/#primaryimage\"},\"image\":{\"@id\":\"https:\/\/africansolarsolutions.fr\/index.php\/2025\/07\/22\/autonomie-energetique-en-afrique-de-ouest\/#primaryimage\"},\"thumbnailUrl\":\"https:\/\/africansolarsolutions.fr\/wp-content\/uploads\/2025\/07\/pexels-cristian-rojas-8853502.jpg\",\"datePublished\":\"2025-07-22T13:52:57+00:00\",\"dateModified\":\"2025-07-22T14:16:17+00:00\",\"author\":{\"@id\":\"https:\/\/africansolarsolutions.fr\/#\/schema\/person\/fad44f4dcd249f1aa71202134858cc8a\"},\"description\":\"R\u00e9seaux instables, fioul co\u00fbteux, coupures : l\u2019Afrique de l\u2019Ouest doit acc\u00e9l\u00e9rer sa transition vers l\u2019autonomie \u00e9nerg\u00e9tique. L'\u00e9nergie solaire en est la cl\u00e9.\",\"breadcrumb\":{\"@id\":\"https:\/\/africansolarsolutions.fr\/index.php\/2025\/07\/22\/autonomie-energetique-en-afrique-de-ouest\/#breadcrumb\"},\"inLanguage\":\"en-US\",\"potentialAction\":[{\"@type\":\"ReadAction\",\"target\":[\"https:\/\/africansolarsolutions.fr\/index.php\/2025\/07\/22\/autonomie-energetique-en-afrique-de-ouest\/\"]}]},{\"@type\":\"ImageObject\",\"inLanguage\":\"en-US\",\"@id\":\"https:\/\/africansolarsolutions.fr\/index.php\/2025\/07\/22\/autonomie-energetique-en-afrique-de-ouest\/#primaryimage\",\"url\":\"https:\/\/africansolarsolutions.fr\/wp-content\/uploads\/2025\/07\/pexels-cristian-rojas-8853502.jpg\",\"contentUrl\":\"https:\/\/africansolarsolutions.fr\/wp-content\/uploads\/2025\/07\/pexels-cristian-rojas-8853502.jpg\",\"width\":1919,\"height\":1282},{\"@type\":\"BreadcrumbList\",\"@id\":\"https:\/\/africansolarsolutions.fr\/index.php\/2025\/07\/22\/autonomie-energetique-en-afrique-de-ouest\/#breadcrumb\",\"itemListElement\":[{\"@type\":\"ListItem\",\"position\":1,\"name\":\"Accueil\",\"item\":\"https:\/\/africansolarsolutions.fr\/\"},{\"@type\":\"ListItem\",\"position\":2,\"name\":\"Pourquoi l\u2019autonomie \u00e9nerg\u00e9tique est devenue une urgence en Afrique de l\u2019Ouest\"}]},{\"@type\":\"WebSite\",\"@id\":\"https:\/\/africansolarsolutions.fr\/#website\",\"url\":\"https:\/\/africansolarsolutions.fr\/\",\"name\":\"Africansolarsolutions\",\"description\":\"\",\"potentialAction\":[{\"@type\":\"SearchAction\",\"target\":{\"@type\":\"EntryPoint\",\"urlTemplate\":\"https:\/\/africansolarsolutions.fr\/?s={search_term_string}\"},\"query-input\":{\"@type\":\"PropertyValueSpecification\",\"valueRequired\":true,\"valueName\":\"search_term_string\"}}],\"inLanguage\":\"en-US\"},{\"@type\":\"Person\",\"@id\":\"https:\/\/africansolarsolutions.fr\/#\/schema\/person\/fad44f4dcd249f1aa71202134858cc8a\",\"name\":\"Stephane\",\"image\":{\"@type\":\"ImageObject\",\"inLanguage\":\"en-US\",\"@id\":\"https:\/\/africansolarsolutions.fr\/#\/schema\/person\/image\/\",\"url\":\"https:\/\/secure.gravatar.com\/avatar\/c62b6ba8cd08886fc60e02c8f63a6fabde418932284c265262c8233bb41f1b58?s=96&d=mm&r=g\",\"contentUrl\":\"https:\/\/secure.gravatar.com\/avatar\/c62b6ba8cd08886fc60e02c8f63a6fabde418932284c265262c8233bb41f1b58?s=96&d=mm&r=g\",\"caption\":\"Stephane\"},\"url\":\"https:\/\/africansolarsolutions.fr\/index.php\/author\/stephane\/\"}]}<\/script>\n<!-- \/ Yoast SEO plugin. -->","yoast_head_json":{"title":"Autonomie \u00c9nerg\u00e9tique en Afrique de l\u2019Ouest : Urgence vitale | ASS","description":"R\u00e9seaux instables, fioul co\u00fbteux, coupures : l\u2019Afrique de l\u2019Ouest doit acc\u00e9l\u00e9rer sa transition vers l\u2019autonomie \u00e9nerg\u00e9tique. L'\u00e9nergie solaire en est la cl\u00e9.","robots":{"index":"noindex","follow":"follow","max-snippet":"max-snippet:-1","max-image-preview":"max-image-preview:large","max-video-preview":"max-video-preview:-1"},"og_locale":"en_US","og_type":"article","og_title":"Autonomie \u00c9nerg\u00e9tique en Afrique de l\u2019Ouest : Urgence vitale | ASS","og_description":"R\u00e9seaux instables, fioul co\u00fbteux, coupures : l\u2019Afrique de l\u2019Ouest doit acc\u00e9l\u00e9rer sa transition vers l\u2019autonomie \u00e9nerg\u00e9tique. L'\u00e9nergie solaire en est la cl\u00e9.","og_url":"https:\/\/africansolarsolutions.fr\/index.php\/2025\/07\/22\/autonomie-energetique-en-afrique-de-ouest\/","og_site_name":"Africansolarsolutions","article_published_time":"2025-07-22T13:52:57+00:00","article_modified_time":"2025-07-22T14:16:17+00:00","og_image":[{"width":1919,"height":1282,"url":"https:\/\/africansolarsolutions.fr\/wp-content\/uploads\/2025\/07\/pexels-cristian-rojas-8853502.jpg","type":"image\/jpeg"}],"author":"Stephane","twitter_card":"summary_large_image","twitter_misc":{"Written by":"Stephane","Est. reading time":"4 minutes"},"schema":{"@context":"https:\/\/schema.org","@graph":[{"@type":"WebPage","@id":"https:\/\/africansolarsolutions.fr\/index.php\/2025\/07\/22\/autonomie-energetique-en-afrique-de-ouest\/","url":"https:\/\/africansolarsolutions.fr\/index.php\/2025\/07\/22\/autonomie-energetique-en-afrique-de-ouest\/","name":"Autonomie \u00c9nerg\u00e9tique en Afrique de l\u2019Ouest : Urgence vitale | ASS","isPartOf":{"@id":"https:\/\/africansolarsolutions.fr\/#website"},"primaryImageOfPage":{"@id":"https:\/\/africansolarsolutions.fr\/index.php\/2025\/07\/22\/autonomie-energetique-en-afrique-de-ouest\/#primaryimage"},"image":{"@id":"https:\/\/africansolarsolutions.fr\/index.php\/2025\/07\/22\/autonomie-energetique-en-afrique-de-ouest\/#primaryimage"},"thumbnailUrl":"https:\/\/africansolarsolutions.fr\/wp-content\/uploads\/2025\/07\/pexels-cristian-rojas-8853502.jpg","datePublished":"2025-07-22T13:52:57+00:00","dateModified":"2025-07-22T14:16:17+00:00","author":{"@id":"https:\/\/africansolarsolutions.fr\/#\/schema\/person\/fad44f4dcd249f1aa71202134858cc8a"},"description":"R\u00e9seaux instables, fioul co\u00fbteux, coupures : l\u2019Afrique de l\u2019Ouest doit acc\u00e9l\u00e9rer sa transition vers l\u2019autonomie \u00e9nerg\u00e9tique. L'\u00e9nergie solaire en est la cl\u00e9.","breadcrumb":{"@id":"https:\/\/africansolarsolutions.fr\/index.php\/2025\/07\/22\/autonomie-energetique-en-afrique-de-ouest\/#breadcrumb"},"inLanguage":"en-US","potentialAction":[{"@type":"ReadAction","target":["https:\/\/africansolarsolutions.fr\/index.php\/2025\/07\/22\/autonomie-energetique-en-afrique-de-ouest\/"]}]},{"@type":"ImageObject","inLanguage":"en-US","@id":"https:\/\/africansolarsolutions.fr\/index.php\/2025\/07\/22\/autonomie-energetique-en-afrique-de-ouest\/#primaryimage","url":"https:\/\/africansolarsolutions.fr\/wp-content\/uploads\/2025\/07\/pexels-cristian-rojas-8853502.jpg","contentUrl":"https:\/\/africansolarsolutions.fr\/wp-content\/uploads\/2025\/07\/pexels-cristian-rojas-8853502.jpg","width":1919,"height":1282},{"@type":"BreadcrumbList","@id":"https:\/\/africansolarsolutions.fr\/index.php\/2025\/07\/22\/autonomie-energetique-en-afrique-de-ouest\/#breadcrumb","itemListElement":[{"@type":"ListItem","position":1,"name":"Accueil","item":"https:\/\/africansolarsolutions.fr\/"},{"@type":"ListItem","position":2,"name":"Pourquoi l\u2019autonomie \u00e9nerg\u00e9tique est devenue une urgence en Afrique de l\u2019Ouest"}]},{"@type":"WebSite","@id":"https:\/\/africansolarsolutions.fr\/#website","url":"https:\/\/africansolarsolutions.fr\/","name":"Africansolarsolutions","description":"","potentialAction":[{"@type":"SearchAction","target":{"@type":"EntryPoint","urlTemplate":"https:\/\/africansolarsolutions.fr\/?s={search_term_string}"},"query-input":{"@type":"PropertyValueSpecification","valueRequired":true,"valueName":"search_term_string"}}],"inLanguage":"en-US"},{"@type":"Person","@id":"https:\/\/africansolarsolutions.fr\/#\/schema\/person\/fad44f4dcd249f1aa71202134858cc8a","name":"Stephane","image":{"@type":"ImageObject","inLanguage":"en-US","@id":"https:\/\/africansolarsolutions.fr\/#\/schema\/person\/image\/","url":"https:\/\/secure.gravatar.com\/avatar\/c62b6ba8cd08886fc60e02c8f63a6fabde418932284c265262c8233bb41f1b58?s=96&d=mm&r=g","contentUrl":"https:\/\/secure.gravatar.com\/avatar\/c62b6ba8cd08886fc60e02c8f63a6fabde418932284c265262c8233bb41f1b58?s=96&d=mm&r=g","caption":"Stephane"},"url":"https:\/\/africansolarsolutions.fr\/index.php\/author\/stephane\/"}]}},"_links":{"self":[{"href":"https:\/\/africansolarsolutions.fr\/index.php\/wp-json\/wp\/v2\/posts\/345","targetHints":{"allow":["GET"]}}],"collection":[{"href":"https:\/\/africansolarsolutions.fr\/index.php\/wp-json\/wp\/v2\/posts"}],"about":[{"href":"https:\/\/africansolarsolutions.fr\/index.php\/wp-json\/wp\/v2\/types\/post"}],"author":[{"embeddable":true,"href":"https:\/\/africansolarsolutions.fr\/index.php\/wp-json\/wp\/v2\/users\/2"}],"replies":[{"embeddable":true,"href":"https:\/\/africansolarsolutions.fr\/index.php\/wp-json\/wp\/v2\/comments?post=345"}],"version-history":[{"count":1,"href":"https:\/\/africansolarsolutions.fr\/index.php\/wp-json\/wp\/v2\/posts\/345\/revisions"}],"predecessor-version":[{"id":347,"href":"https:\/\/africansolarsolutions.fr\/index.php\/wp-json\/wp\/v2\/posts\/345\/revisions\/347"}],"wp:featuredmedia":[{"embeddable":true,"href":"https:\/\/africansolarsolutions.fr\/index.php\/wp-json\/wp\/v2\/media\/346"}],"wp:attachment":[{"href":"https:\/\/africansolarsolutions.fr\/index.php\/wp-json\/wp\/v2\/media?parent=345"}],"wp:term":[{"taxonomy":"category","embeddable":true,"href":"https:\/\/africansolarsolutions.fr\/index.php\/wp-json\/wp\/v2\/categories?post=345"},{"taxonomy":"post_tag","embeddable":true,"href":"https:\/\/africansolarsolutions.fr\/index.php\/wp-json\/wp\/v2\/tags?post=345"}],"curies":[{"name":"wp","href":"https:\/\/api.w.org\/{rel}","templated":true}]}}